{"id":66,"date":"2015-07-22T20:21:19","date_gmt":"2015-07-22T19:21:19","guid":{"rendered":"http:\/\/www.popchor-taktvoll.de\/?p=66"},"modified":"2015-07-22T20:21:19","modified_gmt":"2015-07-22T19:21:19","slug":"erste-kritik-unseres-sommerkonzerts","status":"publish","type":"post","link":"http:\/\/www.popchor-taktvoll.de\/?p=66","title":{"rendered":"Erste Kritik unseres Sommerkonzerts"},"content":{"rendered":"<p>Die Bammentaler Woche hat sich ausf\u00fchrlich zu unserem Sommerkonzert ge\u00e4u\u00dfert. Den Artikel gibt es als PDF <a href=\"http:\/\/www.popchor-taktvoll.de\/wp-content\/uploads\/2015\/07\/gemeindenachrichten_kw30_taktvoll.pdf\">hier<\/a>.<\/p>\n<p>F\u00fcr alle, die nicht den langen Artikel lesen m\u00f6chten, hier ein paar Ausz\u00fcge:<!--more--><\/p>\n<ul>\n<li>\n<div data-canvas-width=\"48.339166666666664\">Wenn Manuel Kleefu\u00df sein Percussionsfeuerwerk am Cajon startete, hielt es einen nicht mehr ruhig auf dem Sitzplatz. Der Funke sprang \u00fcber und so f\u00fchlten sich die Sommerkonzertbesucher ein ums andere Mal emotional wie rhythmisch bewegt.<\/div>\n<\/li>\n<li>\n<div data-canvas-width=\"203.93497524999998\">In einem solchen Chor mitzusingen, macht Spa\u00df<\/div>\n<div data-canvas-width=\"206.637635\">und spricht vor allem j\u00fcngere Leute in den Drei\u00dfigern und<\/div>\n<div data-canvas-width=\"203.92328449999997\">Vierzigern an und in seinem Gospel-Repertoire, auf das sich<\/div>\n<div data-canvas-width=\"206.76522000000003\">der Chor allerdings nicht allein beschr\u00e4nkt, werden religi\u00f6se,<\/div>\n<div data-canvas-width=\"208.30108500000003\">christliche Inhalte glaubhaft und ansprechend transportiert.<\/div>\n<\/li>\n<li>\n<div data-canvas-width=\"210.946455\">Sebastian St\u00fcrzl, der selbst \u00fcber s\u00e4ngerische Qualit\u00e4ten<\/div>\n<div data-canvas-width=\"206.68446999999998\">verf\u00fcgt <a href=\"https:\/\/phonelookupbase.com\/region\/Michigan-989\"> Michigan region phone <\/a> , hat das richtige H\u00e4ndchen f\u00fcr den Chor und trifft<\/div>\n<div data-canvas-width=\"205.480024\">mit der Liedauswahl auch den Geschmack seiner Chormitglieder.<\/div>\n<\/li>\n<li>\n<div data-canvas-width=\"205.02425\">Ohne Zugaben durfte der Chor nat\u00fcrlich nicht den Chorraum<\/div>\n<div data-canvas-width=\"209.05205999999998\">des Kirchenschiffs verlassen, daf\u00fcr sorgten die stehenden<\/div>\n<div data-canvas-width=\"92.81183333333334\">Ovationen des Publikums, das sich f\u00fcr einen rundum gelungenen Auftritt \u00fcberschwenglich bedankte.<\/div>\n<\/li>\n<\/ul>\n<p>Um es in Sebastians Worten auszudr\u00fccken: &#8220;Das lassen wir jetzt einfach mal so stehen&#8230;&#8221;<\/p>\n","protected":false},"excerpt":{"rendered":"<p>Die Bammentaler Woche hat sich ausf\u00fchrlich zu unserem Sommerkonzert ge\u00e4u\u00dfert. Den Artikel gibt es als PDF hier. F\u00fcr alle, die nicht den langen Artikel lesen m\u00f6chten, hier ein paar Ausz\u00fcge:<\/p>\n","protected":false},"author":1,"featured_media":0,"comment_status":"open","ping_status":"open","sticky":false,"template":"","format":"standard","meta":{"footnotes":""},"categories":[1],"tags":[],"class_list":["post-66","post","type-post","status-publish","format-standard","hentry","category-allgemein"],"publishpress_future_action":{"enabled":false,"date":"2026-05-08 08:21:59","action":"change-status","newStatus":"draft","terms":[],"taxonomy":"category"},"publishpress_future_workflow_manual_trigger":{"enabledWorkflows":[]},"_links":{"self":[{"href":"http:\/\/www.popchor-taktvoll.de\/index.php?rest_route=\/wp\/v2\/posts\/66"}],"collection":[{"href":"http:\/\/www.popchor-taktvoll.de\/index.php?rest_route=\/wp\/v2\/posts"}],"about":[{"href":"http:\/\/www.popchor-taktvoll.de\/index.php?rest_route=\/wp\/v2\/types\/post"}],"author":[{"embeddable":true,"href":"http:\/\/www.popchor-taktvoll.de\/index.php?rest_route=\/wp\/v2\/users\/1"}],"replies":[{"embeddable":true,"href":"http:\/\/www.popchor-taktvoll.de\/index.php?rest_route=%2Fwp%2Fv2%2Fcomments&post=66"}],"version-history":[{"count":1,"href":"http:\/\/www.popchor-taktvoll.de\/index.php?rest_route=\/wp\/v2\/posts\/66\/revisions"}],"predecessor-version":[{"id":68,"href":"http:\/\/www.popchor-taktvoll.de\/index.php?rest_route=\/wp\/v2\/posts\/66\/revisions\/68"}],"wp:attachment":[{"href":"http:\/\/www.popchor-taktvoll.de\/index.php?rest_route=%2Fwp%2Fv2%2Fmedia&parent=66"}],"wp:term":[{"taxonomy":"category","embeddable":true,"href":"http:\/\/www.popchor-taktvoll.de\/index.php?rest_route=%2Fwp%2Fv2%2Fcategories&post=66"},{"taxonomy":"post_tag","embeddable":true,"href":"http:\/\/www.popchor-taktvoll.de\/index.php?rest_route=%2Fwp%2Fv2%2Ftags&post=66"}],"curies":[{"name":"wp","href":"https:\/\/api.w.org\/{rel}","templated":true}]}}