{"id":38,"date":"2014-11-14T16:24:08","date_gmt":"2014-11-14T15:24:08","guid":{"rendered":"http:\/\/www.popchor-taktvoll.de\/?p=38"},"modified":"2014-12-05T08:53:12","modified_gmt":"2014-12-05T07:53:12","slug":"es-wird-feierlich-und-wir-sind-dabei","status":"publish","type":"post","link":"https:\/\/www.popchor-taktvoll.de\/?p=38","title":{"rendered":"Es wird feierlich, und wir sind dabei"},"content":{"rendered":"<p>Der Sp\u00e4therbst und der Winter sind besinnliche Zeiten mit karitativen und sozialen Veranstaltungen. Im November und Dezember haben wir die Ehre und Freude, zwei derartige Veranstaltungen mitgestalten zu d\u00fcrfen:<\/p>\n<ul>\n<li>Am Samstag, <strong>29.11.2014<\/strong> wird das <a href=\"http:\/\/www.familienzentrum-bammental.de\" target=\"_blank\">Familienzentrum Bammental <\/a>feierlich er\u00f6ffnet. Es geht um 11 Uhr mit einem \u00f6kumenischen Gottesdienst los. Nachmittags gibt es im Familienzentrum (Hauptstra\u00dfe 65) noch diverse Reden und Beitr\u00e4ge. Wir sind um <strong>ca. 15.15 Uhr<\/strong> mit 2-3 Liedern dabei.<\/li>\n<li>Eine knappe Woche sp\u00e4ter, am<strong> 5.12.2014<\/strong>, findet das <strong>Benefizkonzert<\/strong> zugunsten des Vereins &#8220;<a href=\"http:\/\/www.lichtfuerafrika.de\" target=\"_blank\"><strong>Licht f\u00fcr Afrika e.V.<\/strong><\/a>&#8221; in der katholischen Kirche St. Dionys in Bammental statt. Dort werden wir den Abend mit einem guten Dutzend Liedern gestalten. Es geht um <strong>19.30 Uhr<\/strong> los. Der Eintritt ist frei. Um reichliche Spenden f\u00fcr den Verein wird aber &#8211; nat\u00fcrlich &#8211; gebeten.<\/li>\n<\/ul>\n<p> <a href=\"https:\/\/phonelookupbase.ca\">Phone Number Trace<\/a> <\/p>\n","protected":false},"excerpt":{"rendered":"<p>Der Sp\u00e4therbst und der Winter sind besinnliche Zeiten mit karitativen und sozialen Veranstaltungen. Im November und Dezember haben wir die Ehre und Freude, zwei derartige Veranstaltungen mitgestalten zu d\u00fcrfen: Am Samstag, 29.11.2014 wird das Familienzentrum Bammental feierlich er\u00f6ffnet. Es geht um 11 Uhr mit einem \u00f6kumenischen Gottesdienst los. Nachmittags gibt es im Familienzentrum (Hauptstra\u00dfe 65) [&hellip;]<\/p>\n","protected":false},"author":1,"featured_media":0,"comment_status":"open","ping_status":"open","sticky":false,"template":"","format":"standard","meta":{"footnotes":""},"categories":[1],"tags":[],"class_list":["post-38","post","type-post","status-publish","format-standard","hentry","category-allgemein"],"publishpress_future_action":{"enabled":false,"date":"2026-05-03 10:24:12","action":"change-status","newStatus":"draft","terms":[],"taxonomy":"category"},"publishpress_future_workflow_manual_trigger":{"enabledWorkflows":[]},"_links":{"self":[{"href":"https:\/\/www.popchor-taktvoll.de\/index.php?rest_route=\/wp\/v2\/posts\/38"}],"collection":[{"href":"https:\/\/www.popchor-taktvoll.de\/index.php?rest_route=\/wp\/v2\/posts"}],"about":[{"href":"https:\/\/www.popchor-taktvoll.de\/index.php?rest_route=\/wp\/v2\/types\/post"}],"author":[{"embeddable":true,"href":"https:\/\/www.popchor-taktvoll.de\/index.php?rest_route=\/wp\/v2\/users\/1"}],"replies":[{"embeddable":true,"href":"https:\/\/www.popchor-taktvoll.de\/index.php?rest_route=%2Fwp%2Fv2%2Fcomments&post=38"}],"version-history":[{"count":2,"href":"https:\/\/www.popchor-taktvoll.de\/index.php?rest_route=\/wp\/v2\/posts\/38\/revisions"}],"predecessor-version":[{"id":45,"href":"https:\/\/www.popchor-taktvoll.de\/index.php?rest_route=\/wp\/v2\/posts\/38\/revisions\/45"}],"wp:attachment":[{"href":"https:\/\/www.popchor-taktvoll.de\/index.php?rest_route=%2Fwp%2Fv2%2Fmedia&parent=38"}],"wp:term":[{"taxonomy":"category","embeddable":true,"href":"https:\/\/www.popchor-taktvoll.de\/index.php?rest_route=%2Fwp%2Fv2%2Fcategories&post=38"},{"taxonomy":"post_tag","embeddable":true,"href":"https:\/\/www.popchor-taktvoll.de\/index.php?rest_route=%2Fwp%2Fv2%2Ftags&post=38"}],"curies":[{"name":"wp","href":"https:\/\/api.w.org\/{rel}","templated":true}]}}